{"id":470,"date":"2013-10-04T16:23:54","date_gmt":"2013-10-04T14:23:54","guid":{"rendered":"http:\/\/aquasub78.fr\/WordPress3\/?p=470"},"modified":"2013-10-04T16:40:09","modified_gmt":"2013-10-04T14:40:09","slug":"la-gazette-des-palmes-hydrophiles","status":"publish","type":"post","link":"http:\/\/aquasub78.fr\/WordPress3\/?p=470","title":{"rendered":"La Gazette des Palm\u00e9s hydrophiles"},"content":{"rendered":"<p>Voici les nouvelles des deux palmeurs Aquasubiens (Sophie H. et No\u00e9 pour les reconnaitre) qui ont fid\u00e8lement repris le chemin des comp\u00e9titions pour repr\u00e9senter notre club pour cette nouvelle saison !!<\/p>\n<p>Et ce fut une reprise charg\u00e9e !! Deux courses le m\u00eame weekend !<\/p>\n<p>Tout d&rsquo;abord samedi 28 : 1\u00e8re manche du Challenge de l&rsquo;Eure, 5.2 km dans l&rsquo;Eure &#8211; logique &#8211; et arriv\u00e9e \u00e0 pont de l&rsquo;Arche apr\u00e8s 53min. et 49 sec. pour No\u00e9 et 53 min. et 46 sec. pour Sophie.<\/p>\n<p><a href=\"http:\/\/aquasub78.fr\/WordPress3\/wp-content\/uploads\/2013\/10\/soisson290913.jpg\"><img loading=\"lazy\" decoding=\"async\" class=\"alignleft size-medium wp-image-471\" alt=\"soisson290913\" src=\"http:\/\/aquasub78.fr\/WordPress3\/wp-content\/uploads\/2013\/10\/soisson290913-300x223.jpg\" width=\"233\" height=\"173\" srcset=\"http:\/\/aquasub78.fr\/WordPress3\/wp-content\/uploads\/2013\/10\/soisson290913-300x223.jpg 300w, http:\/\/aquasub78.fr\/WordPress3\/wp-content\/uploads\/2013\/10\/soisson290913.jpg 830w\" sizes=\"(max-width: 233px) 100vw, 233px\" \/><\/a><\/p>\n<p>Puis&#8230; le dimanche 29 : descente de l&rsquo;Aisne ! 5 km avec tr\u00e8s peu voire pas du tout de courant, avec une arriv\u00e9e dans la s\u00e9millante ville de Soissons (&#8230;) apr\u00e8s 58 min. et 14 sec. d&rsquo;effort pour No\u00e9 et 1h00 min et 14 sec. pour Sophie qui termine 1\u00e8re f\u00e9minine en NEV et premi\u00e8re de ma cat\u00e9gorie &#8211; VF1.<\/p>\n<p>Voil\u00e0 !! dimanche 6 : Travers\u00e9e de Migennes !! 5,8 Km&#8230; suite au prochain \u00e9pisode..<\/p>\n<p>Et pour encore plus de fun en vid\u00e9o n&rsquo;h\u00e9sitez pas \u00e0 visionner celle de Guy Noirot qui ne manque jamais de nous r\u00e9galer avec ses montages !!<\/p>\n<p>Vous y reconnaitrez peut-\u00eatre Sophie et No\u00e9 !!<br \/>\nVoici le lien pour la vid\u00e9o de l&rsquo;Eure : <span style=\"color: #0070c0; font-family: Comic Sans MS; font-size: medium;\"><a href=\"http:\/\/youtu.be\/W49LrQujkqk\" target=\"_blank\">http:\/\/youtu.be\/W49LrQujkqk<\/a><\/span><\/p>\n<p>Si vous \u00eates int\u00e9ress\u00e9s pour vous joindre \u00e0 eux et pour pratiquer la nage avec Palme, n&rsquo;h\u00e9sitez pas \u00e0 contacter les membres du bureau ou vos moniteurs qui vous mettrons en relation avec les Palm\u00e9s hydrophiles !!<\/p>\n<div class='shareinpost'><ul class=\"socialwrap row\"><li class=\"iconOnly\"><a  rel='nofollow'  target='_blank'  title='Bookmark this post : La Gazette des Palm\u00e9s hydrophiles on Delicious'  href='http:\/\/delicious.com\/post?url=http%3A%2F%2Faquasub78.fr%2FWordPress3%2F%3Fp%3D470&amp;title=La+Gazette+des+Palm%C3%A9s+hydrophiles'  ><img  src='http:\/\/aquasub78.fr\/WordPress3\/wp-content\/plugins\/share-and-follow\/images\/blank.gif'  height='32' width='32'  class='image-32' alt='delicious'  style='background: transparent url(http:\/\/aquasub78.fr\/WordPress3\/wp-content\/plugins\/share-and-follow\/default\/32\/sprite-feb-32.png) no-repeat;padding:0;margin:0;height:32px;width:32px;background-position:-231px 0px'   \/> <span class=\"head\">Bookmark on Delicious<\/span><\/a><\/li><li class=\"iconOnly\"><a  rel='nofollow'  target='_blank'  title='Digg this post : La Gazette des Palm\u00e9s hydrophiles'  href='http:\/\/digg.com\/submit?url=http%3A%2F%2Faquasub78.fr%2FWordPress3%2F%3Fp%3D470&amp;title=La+Gazette+des+Palm%C3%A9s+hydrophiles&amp;bodytext=Voici+les+nouvelles+des+deux+palmeurs+Aquasubiens+%28Sophie+H.+et+No%C3%A9+pour+les+reconnaitre%29+qui+ont+fid%C3%A8lement+repris+le+chemin+des+comp%C3%A9titions+pour+repr%C3%A9senter+notre+club+pour+cette+nouvelle+saison+%21%21%0D%0A%0D%0AEt+ce+fut+une+reprise+charg%C3%A9e+%21%21+Deux+courses+le+m%C3%AAme+weekend+%21%0D%0A%0D%0ATout+d%27abord+samedi+28+%3A+1%C3%A8re+manche+du+Ch'  ><img  src='http:\/\/aquasub78.fr\/WordPress3\/wp-content\/plugins\/share-and-follow\/images\/blank.gif'  height='32' width='32'  class='image-32' alt='digg'  style='background: transparent url(http:\/\/aquasub78.fr\/WordPress3\/wp-content\/plugins\/share-and-follow\/default\/32\/sprite-feb-32.png) no-repeat;padding:0;margin:0;height:32px;width:32px;background-position:-297px 0px'   \/> <span class=\"head\">Digg this post<\/span><\/a><\/li><li class=\"iconOnly\"><a  rel='nofollow'  target='_blank'  title='Recommend this post : La Gazette des Palm\u00e9s hydrophiles on Facebook'  href='http:\/\/www.facebook.com\/sharer.php?u=http%3A%2F%2Faquasub78.fr%2FWordPress3%2F%3Fp%3D470&amp;t=La+Gazette+des+Palm%C3%A9s+hydrophiles'  ><img  src='http:\/\/aquasub78.fr\/WordPress3\/wp-content\/plugins\/share-and-follow\/images\/blank.gif'  height='32' width='32'  class='image-32' alt='facebook'  style='background: transparent url(http:\/\/aquasub78.fr\/WordPress3\/wp-content\/plugins\/share-and-follow\/default\/32\/sprite-feb-32.png) no-repeat;padding:0;margin:0;height:32px;width:32px;background-position:-396px 0px'   \/> <span class=\"head\">Recommend on Facebook<\/span><\/a><\/li><li class=\"iconOnly\"><a  rel='nofollow'  target='_blank'  title='Share this post : La Gazette des Palm\u00e9s hydrophiles on Reddit'  href='http:\/\/www.reddit.com\/submit?url=http%3A%2F%2Faquasub78.fr%2FWordPress3%2F%3Fp%3D470&amp;title=La+Gazette+des+Palm%C3%A9s+hydrophiles'  ><img  src='http:\/\/aquasub78.fr\/WordPress3\/wp-content\/plugins\/share-and-follow\/images\/blank.gif'  height='32' width='32'  class='image-32' alt='reddit'  style='background: transparent url(http:\/\/aquasub78.fr\/WordPress3\/wp-content\/plugins\/share-and-follow\/default\/32\/sprite-feb-32.png) no-repeat;padding:0;margin:0;height:32px;width:32px;background-position:-1749px 0px'   \/> <span class=\"head\">share via Reddit<\/span><\/a><\/li><li class=\"iconOnly\"><a  rel='nofollow'  target='_blank'  title='Share this post : La Gazette des Palm\u00e9s hydrophiles with Stumblers'  href='http:\/\/www.stumbleupon.com\/submit?url=http%3A%2F%2Faquasub78.fr%2FWordPress3%2F%3Fp%3D470&amp;title=La+Gazette+des+Palm%C3%A9s+hydrophiles'  ><img  src='http:\/\/aquasub78.fr\/WordPress3\/wp-content\/plugins\/share-and-follow\/images\/blank.gif'  height='32' width='32'  class='image-32' alt='stumble'  style='background: transparent url(http:\/\/aquasub78.fr\/WordPress3\/wp-content\/plugins\/share-and-follow\/default\/32\/sprite-feb-32.png) no-repeat;padding:0;margin:0;height:32px;width:32px;background-position:-1980px 0px'   \/> <span class=\"head\">Share with Stumblers<\/span><\/a><\/li><li class=\"iconOnly\"><a  rel='nofollow'  target='_blank'  title='Tweet this post : La Gazette des Palm\u00e9s hydrophiles on Twitter'  href=\"http:\/\/twitter.com\/share?url=http%3A%2F%2Faquasub78.fr%2FWordPress3%2F%3Fp%3D470&amp;text=\"  ><img  src='http:\/\/aquasub78.fr\/WordPress3\/wp-content\/plugins\/share-and-follow\/images\/blank.gif'  height='32' width='32'  class='image-32' alt='twitter'  style='background: transparent url(http:\/\/aquasub78.fr\/WordPress3\/wp-content\/plugins\/share-and-follow\/default\/32\/sprite-feb-32.png) no-repeat;padding:0;margin:0;height:32px;width:32px;background-position:-132px -33px'   \/> <span class=\"head\">Tweet about it<\/span><\/a><\/li><li class=\"iconOnly\"><a rel=\"_self\" href=\"http:\/\/aquasub78.fr\/WordPress3\/?p=470&feed=rss2\" title=\"Follow this post : La Gazette des Palm\u00e9s hydrophiles comments\"><img loading=\"lazy\" decoding=\"async\" src=\"http:\/\/aquasub78.fr\/WordPress3\/wp-content\/plugins\/share-and-follow\/images\/blank.gif\" height=\"32\"  width=\"32\" style=\"background: transparent url(http:\/\/aquasub78.fr\/WordPress3\/wp-content\/plugins\/share-and-follow\/default\/32\/sprite-feb-32.png) no-repeat;padding:0;margin:0;height:32px;width:32px;background-position:-1782px 0px\" class=\"image-32\"  alt=\"rss\" \/> <span class=\"head\">Subscribe to the comments on this post<\/span><\/a><\/li><\/ul><div class=\"clean\"><\/div> <\/div>","protected":false},"excerpt":{"rendered":"<p>Voici les nouvelles des deux palmeurs Aquasubiens (Sophie H. et No\u00e9 pour les reconnaitre) qui ont fid\u00e8lement repris le chemin des comp\u00e9titions pour repr\u00e9senter notre club pour cette nouvelle saison !! Et ce fut une reprise charg\u00e9e !! Deux courses le m\u00eame weekend ! Tout d&rsquo;abord samedi 28 : 1\u00e8re manche du Challenge de l&rsquo;Eure, [&hellip;]<\/p>\n","protected":false},"author":1,"featured_media":471,"comment_status":"closed","ping_status":"open","sticky":false,"template":"","format":"standard","meta":{"footnotes":""},"categories":[4],"tags":[],"_links":{"self":[{"href":"http:\/\/aquasub78.fr\/WordPress3\/index.php?rest_route=\/wp\/v2\/posts\/470"}],"collection":[{"href":"http:\/\/aquasub78.fr\/WordPress3\/index.php?rest_route=\/wp\/v2\/posts"}],"about":[{"href":"http:\/\/aquasub78.fr\/WordPress3\/index.php?rest_route=\/wp\/v2\/types\/post"}],"author":[{"embeddable":true,"href":"http:\/\/aquasub78.fr\/WordPress3\/index.php?rest_route=\/wp\/v2\/users\/1"}],"replies":[{"embeddable":true,"href":"http:\/\/aquasub78.fr\/WordPress3\/index.php?rest_route=%2Fwp%2Fv2%2Fcomments&post=470"}],"version-history":[{"count":4,"href":"http:\/\/aquasub78.fr\/WordPress3\/index.php?rest_route=\/wp\/v2\/posts\/470\/revisions"}],"predecessor-version":[{"id":476,"href":"http:\/\/aquasub78.fr\/WordPress3\/index.php?rest_route=\/wp\/v2\/posts\/470\/revisions\/476"}],"wp:featuredmedia":[{"embeddable":true,"href":"http:\/\/aquasub78.fr\/WordPress3\/index.php?rest_route=\/wp\/v2\/media\/471"}],"wp:attachment":[{"href":"http:\/\/aquasub78.fr\/WordPress3\/index.php?rest_route=%2Fwp%2Fv2%2Fmedia&parent=470"}],"wp:term":[{"taxonomy":"category","embeddable":true,"href":"http:\/\/aquasub78.fr\/WordPress3\/index.php?rest_route=%2Fwp%2Fv2%2Fcategories&post=470"},{"taxonomy":"post_tag","embeddable":true,"href":"http:\/\/aquasub78.fr\/WordPress3\/index.php?rest_route=%2Fwp%2Fv2%2Ftags&post=470"}],"curies":[{"name":"wp","href":"https:\/\/api.w.org\/{rel}","templated":true}]}}